{"id":5026,"date":"2017-05-29T15:50:43","date_gmt":"2017-05-29T19:50:43","guid":{"rendered":"https:\/\/fonds-risq.qc.ca\/parole-a-soutiennent-lenterpreunariat\/"},"modified":"2021-10-06T11:53:04","modified_gmt":"2021-10-06T15:53:04","slug":"parole-a-soutiennent-lenterpreunariat","status":"publish","type":"post","link":"https:\/\/fonds-risq.qc.ca\/en\/parole-a-soutiennent-lenterpreunariat\/","title":{"rendered":"La parole \u00e0 ceux qui soutiennent l&#8217;enterpreunariat"},"content":{"rendered":"<p><em>Photo de gauche \u00e0 droite : \u00adFran\u00e7ois \u00adGilbert, \u00adpr\u00e9sident-directeur g\u00e9n\u00e9ral d\u2019Anges \u00adQu\u00e9bec ; \u00adPhilippe \u00adGarant, directeur g\u00e9n\u00e9ral du \u00adR\u00e9seau d\u2019investissement social du \u00adQu\u00e9bec ; \u00adManaf \u00adBouchentouf, directeur de l\u2019Acc\u00e9l\u00e9rateur \u00adBanque nationale \u2013 HEC \u00adMontr\u00e9al<\/em><\/p>\n<p>Les Affaires, \u00e9dition du 20 mai 2017- Nathalie Vallerand<\/p>\n<p><strong>Dans la salle de conf\u00e9rence qui surplombe le centre-ville montr\u00e9alais, l&#8217;ambiance est cordiale. Les participants \u00e0 la discussion se connaissent presque tous. Les rires et les taquineries fusent. <\/strong><\/p>\n<p>D&#8217;entr\u00e9e de jeu, l&#8217;animateur de la rencontre, le journaliste <a title=\"\" href=\"https:\/\/www.lesaffaires.com\/auteur\/matthieu-charest\/1768\" target=\"_blank\" rel=\"noopener noreferrer\" data-original-title=\"\"><strong>Matthieu Charest<\/strong><\/a>, pose la question qui tue: l&#8217;aide \u00e0 l&#8217;entrepreneuriat est-elle suffisante ? C&#8217;est l&#8217;unanimit\u00e9 autour de la table : la r\u00e9ponse est oui&#8230; ou presque. Les entrepreneurs \u00e9taient du m\u00eame avis l&#8217;automne dernier. D&#8217;ailleurs, la majorit\u00e9 d&#8217;entre eux avait obtenu du soutien de plusieurs sources diff\u00e9rentes.<\/p>\n<p>\u00abIl y a un \u00e9cosyst\u00e8me tr\u00e8s complet au Qu\u00e9bec o\u00f9 chacun a trouv\u00e9 sa sp\u00e9cialit\u00e9, sa mission, explique <strong>Pierre Duhamel<\/strong>, directeur g\u00e9n\u00e9ral du r\u00e9seau M (Fondation de l&#8217;entrepreneurship). Les entrepreneurs ont besoin de conseils de toutes sortes, de financement sous plusieurs formes et de savoir-faire. Tout \u00e7a existe. Et l&#8217;aide est plus intelligente qu&#8217;avant parce qu&#8217;il y a davantage de compl\u00e9mentarit\u00e9. Toutefois, il est vrai que \u00e7a peut encore \u00eatre am\u00e9lior\u00e9\u00bb, admet-il.<\/p>\n<p>Justement, quels changements les intervenants sugg\u00e8rent-ils ? Pour <strong>Manon Hamel,<\/strong> vice-pr\u00e9sidente rayonnement des affaires et relations avec les entreprises \u00e0 la Caisse de d\u00e9p\u00f4t et placement du Qu\u00e9bec, la fin du travail en silo repr\u00e9sente le plus grand d\u00e9fi. \u00abL&#8217;offre s&#8217;est raffin\u00e9e gr\u00e2ce \u00e0 une plus grande collaboration des acteurs qui procurent les services aux entrepreneurs. Toutefois, il y a encore des silos \u00e0 abattre. Il nous faudrait travailler davantage ensemble\u00bb, dit-elle.<\/p>\n<p>De son c\u00f4t\u00e9, <strong>Philippe Garant<\/strong>, directeur g\u00e9n\u00e9ral du R\u00e9seau d&#8217;investissement social du Qu\u00e9bec, d\u00e9plore les in\u00e9galit\u00e9s sur le plan g\u00e9ographique. \u00abAvec la disparition de plusieurs centres locaux de d\u00e9veloppement, il y a moins d&#8217;accompagnement aux entrepreneurs dans certaines r\u00e9gions. Dans mon domaine, l&#8217;entrepreneuriat collectif, il y a une chute majeure dans le d\u00e9marrage de projets. Faute d&#8217;accompagnement, les projets sont aussi plus longs \u00e0 d\u00e9velopper. Mon souhait, c&#8217;est que l&#8217;\u00e9cosyst\u00e8me de soutien soit accessible partout au Qu\u00e9bec.\u00bb<\/p>\n<h3>\u00abNous sommes tous des guichets\u00bb<\/h3>\n<p>Il n&#8217;est pas toujours facile de s&#8217;y retrouver parmi les quelque 250 programmes offerts par 150 organisations. La question est pos\u00e9e : serait-il plus simple pour l&#8217;entrepreneur d&#8217;avoir un guichet unique ? Pas selon nos intervenants, pour qui la pluralit\u00e9 de l&#8217;offre fait la richesse de l&#8217;\u00e9cosyst\u00e8me. Par ailleurs, chacun n&#8217;h\u00e9site pas \u00e0 envoyer l&#8217;entrepreneur ailleurs si cela correspond davantage \u00e0 ses besoins. \u00abNous essayons de guider les entrepreneurs, et \u00e7a fait d&#8217;ailleurs partie de notre r\u00f4le\u00bb, rappelle <strong>Manaf Bouchentouf<\/strong>, directeur de l&#8217;Acc\u00e9l\u00e9rateur Banque Nationale &#8211; HEC Montr\u00e9al. Il n&#8217;est pas partisan d&#8217;un guichet unique, car cela pourrait rompre l&#8217;aspect humain qui caract\u00e9rise l&#8217;entrepreneuriat. \u00abLes entrepreneurs ont besoin de parler de leur projet \u00e0 quelqu&#8217;un. Ils veulent un point de chute. M\u00eame s&#8217;ils sont admissibles \u00e0 un programme, ils viennent nous voir pour nous poser des questions et \u00eatre conseill\u00e9s. Les r\u00e9ponses ne sont pas toujours dans les sites web, m\u00eame si l&#8217;offre pourrait \u00eatre mieux communiqu\u00e9e et plus coh\u00e9rente.\u00bb<\/p>\n<p>Un constat qui am\u00e8ne Manon Hamel \u00e0 reparler de collaboration. \u00abLa force d&#8217;un \u00e9cosyst\u00e8me, c&#8217;est le r\u00e9seau de gens qui le composent.\u00bb<\/p>\n<p>Bref, les participants ne voient pas la n\u00e9cessit\u00e9 de cr\u00e9er une nouvelle structure pour diriger les entrepreneurs vers la bonne ressource, chaque organisation pouvant jouer ce r\u00f4le. Cela dit, il existe des portails qui r\u00e9pertorient l&#8217;offre, comme Ressources entreprises et Info entrepreneurs.<\/p>\n<h3>Entre intention et cr\u00e9ation<\/h3>\n<p>Pour <strong>Pierre Cl\u00e9roux<\/strong>, vice-pr\u00e9sident recherche et \u00e9conomiste en chef \u00e0 la BDC, la promotion de l&#8217;entrepreneuriat devrait \u00eatre une priorit\u00e9. \u00abIl y a eu une \u00e9poque o\u00f9 l&#8217;on mettait de l&#8217;avant les entrepreneurs pour d\u00e9montrer que c&#8217;\u00e9tait un choix de carri\u00e8re valorisant et stimulant. On a laiss\u00e9 cela, mais il faudrait y revenir, car le nombre d&#8217;entrepreneurs diminue au Qu\u00e9bec.\u00bb<\/p>\n<p>Il cite des chiffres de Statistique Canada qui indiquent une baisse constante du nombre de nouvelles entreprises par rapport au nombre d&#8217;entreprises en activit\u00e9. Cette proportion est pass\u00e9e de 15 % \u00e0 10 % entre 2004 et 2014.<\/p>\n<p>Ces propos font r\u00e9agir <strong>Fran\u00e7ois Gilbert,<\/strong> pr\u00e9sident-directeur g\u00e9n\u00e9ral d&#8217;Anges Qu\u00e9bec, qui souligne qu&#8217;au contraire les \u00e9tudes de l&#8217;Universit\u00e9 du Qu\u00e9bec \u00e0 Trois-Rivi\u00e8res (UQTR) sur l&#8217;activit\u00e9 entrepreneuriale montrent une progression. \u00abLes jeunes Qu\u00e9b\u00e9cois sont parmi ceux qui, dans le monde, veulent le plus \u00eatre entrepreneurs !\u00bb r\u00e9torque-t-il.<\/p>\n<p>En fait, le rapport de 2015 de l&#8217;UQTR sur l&#8217;enqu\u00eate du Global Entrepreneurship Monitor r\u00e9v\u00e8le une baisse des intentions d&#8217;entreprendre des jeunes du Qu\u00e9bec (21,8 %) par rapport aux r\u00e9sultats de 2014 (28,5 %). Toutefois, avec un taux de 14,2 %, l&#8217;activit\u00e9 entrepreneuriale \u00e9mergente des 18-24 ans d\u00e9passe celle de la soixantaine de pays participant \u00e0 cette enqu\u00eate. Le reste du Canada et les \u00c9tats-Unis figurent aux deuxi\u00e8me et troisi\u00e8me rangs avec des taux respectifs de 13 % et de 12 %.<\/p>\n<p>Les donn\u00e9es de l&#8217;Indice entrepreneurial qu\u00e9b\u00e9cois de la Fondation de l&#8217;entrepreneurship diff\u00e8rent, mais elles montrent elles aussi une volont\u00e9 \u00e9lev\u00e9e des jeunes de se lancer en affaires. Ainsi, 42,2 % des 18-34 ans ont affirm\u00e9 avoir cette intention. Le probl\u00e8me r\u00e9side peut-\u00eatre quelque part entre l&#8217;intention et la cr\u00e9ation d&#8217;entreprise.<\/p>\n<p>En effet, ceux qui aspirent \u00e0 devenir entrepreneurs ne sont pas assez nombreux \u00e0 passer \u00e0 l&#8217;action, d\u00e9plore Pierre Cl\u00e9roux. \u00abLe d\u00e9marrage d&#8217;entreprises est tr\u00e8s important pour l&#8217;\u00e9conomie. \u00c7a cr\u00e9e des emplois, de l&#8217;innovation, et \u00e7a pousse m\u00eame les entreprises matures \u00e0 mieux performer.\u00bb<\/p>\n<h3>L&#8217;enjeu de l&#8217;immigration<\/h3>\n<p>Sans surprise, tout le monde s&#8217;entend pour dire que la soci\u00e9t\u00e9 qu\u00e9b\u00e9coise s&#8217;enrichit gr\u00e2ce aux entrepreneurs. \u00abIl suffit de regarder combien la ville de Qu\u00e9bec a chang\u00e9 gr\u00e2ce \u00e0 l&#8217;entrepreneuriat, cite en exemple Fran\u00e7ois Gilbert. Elle est en croissance depuis 25 ans !\u00bb<\/p>\n<p>L&#8217;immigration est un enjeu cl\u00e9 \u00e9galement de la cr\u00e9ation de nouvelles entreprises. \u00abUn entrepreneur, c&#8217;est une personne qui n&#8217;accepte pas le statu quo et qui fait des gestes pour que \u00e7a change, dit M. Gilbert. C&#8217;est la d\u00e9finition m\u00eame d&#8217;un immigrant !\u00bb<\/p>\n<p>Une d\u00e9finition confirm\u00e9e par l&#8217;Indice entrepreneurial, qui rapporte que les immigrants ont l&#8217;intention de se lancer en affaires dans une proportion de 32,3 %, contre 21 % pour la population en g\u00e9n\u00e9ral.<\/p>\n<p><strong>Alexandre Boucherot<\/strong>, pr\u00e9sident et fondateur de la plateforme de sociofinancement Ulule, lui-m\u00eame install\u00e9 depuis trois ans au Qu\u00e9bec pour fonder son entreprise, estime qu&#8217;il faudrait faciliter l&#8217;entr\u00e9e des talents au Qu\u00e9bec. Il sugg\u00e8re la cr\u00e9ation d&#8217;un dispositif semblable au concours French Tech Ticket de la France, qui incite les entrepreneurs \u00e9trangers \u00e0 y cr\u00e9er leur start-up num\u00e9rique. Entre autres avantages, les gagnants b\u00e9n\u00e9ficient d&#8217;une bourse de 45 000 euros, d&#8217;une proc\u00e9dure acc\u00e9l\u00e9r\u00e9e pour obtenir un titre de s\u00e9jour et d&#8217;un passage de 12 mois dans un incubateur.<\/p>\n<p>Cela dit, il reste du travail \u00e0 accomplir pour rejoindre davantage les immigrants d\u00e9j\u00e0 install\u00e9s au pays. Pierre Duhamel raconte que le R\u00e9seau M a 10 mentors provenant des communaut\u00e9s culturelles, mais seulement 3 mentor\u00e9s. \u00abNous avons aussi une dizaine d&#8217;ententes de r\u00e9f\u00e9rencement avec des chambres de commerce de diverses communaut\u00e9s, mais nous n&#8217;avons pas r\u00e9ussi \u00e0 rep\u00e9rer un seul mentor\u00e9 issu de cette fili\u00e8re. Les immigrants consultent tr\u00e8s peu.\u00bb<\/p>\n<h3>Apr\u00e8s les start-up, le d\u00e9luge<\/h3>\n<p>S&#8217;il faut en faire plus pour promouvoir l&#8217;entrepreneuriat, les jeunes pousses technos, elles, ne manquent pas de visibilit\u00e9.<\/p>\n<p>Alexandre Boucherot r\u00e9sume ainsi l&#8217;engouement pour les start-up : \u00abElles sont devenues les nouvelles rock stars !\u00bb Et d\u00e9plore que l&#8217;on confonde souvent innovation et technologie. \u00abIl peut y avoir de l&#8217;innovation dans tous les secteurs !\u00bb Et d&#8217;apr\u00e8s son exp\u00e9rience, si les entreprises technologiques font r\u00eaver, ce sont davantage les entreprises locales que les citoyens ont envie de soutenir et qui ont le plus de succ\u00e8s sur les plateformes de sociofinancement comme la sienne. Ainsi, le premier projet financ\u00e9 sur Ulule en 2015 \u00e9tait une boucherie de proximit\u00e9.<\/p>\n<p>\u00abLa techno, c&#8217;est l&#8217;\u00e9conomie v\u00e9n\u00e9r\u00e9e en ce moment, confirme Martin Desch\u00eanes, le tout nouveau pr\u00e9sident de l&#8217;\u00c9cole d&#8217;entrepreneurship de Beauce (EEB). Tout tourne autour de \u00e7a. Un grossiste en plomberie ou la boucherie du coin, c&#8217;est moins glorifi\u00e9\u00bb, regrette celui qui, apr\u00e8s 17 ans \u00e0 la t\u00eate du Groupe Desch\u00eanes, vient de passer le flambeau \u00e0 son fr\u00e8re Fran\u00e7ois pour devenir vice-pr\u00e9sident du conseil d&#8217;administration de l&#8217;entreprise familiale de distribution de mat\u00e9riaux de plomberie et de chauffage qui compte pr\u00e8s de 2 000 employ\u00e9s.<\/p>\n<p>Cet engouement pour les entreprises technologiques ferait presque oublier un autre secteur de l&#8217;\u00e9conomie, pourtant tr\u00e8s porteur : le manufacturier. Nos participants sont unanimes pour dire que celui-ci est actuellement d\u00e9laiss\u00e9 par les programmes de d\u00e9marrage d&#8217;entreprises. Si un entrepreneur veut ouvrir une usine, o\u00f9 trouvera-t-il de l&#8217;aide ? O\u00f9 sont les incubateurs d&#8217;usines ? \u00abOn ne fait plus rien \u00e0 ce sujet, d\u00e9nonce Fran\u00e7ois Gilbert. On occulte le secteur manufacturier, qui a pourtant longtemps fait vivre le Qu\u00e9bec. C&#8217;est bien beau la techno, mais on manque d&#8217;\u00e9quilibre.\u00bb<\/p>\n<p>Ceci explique-t-il cela ? Toujours est-il que, parmi les personnes en d\u00e9marche pour se lancer en affaires, seulement 5,3 % visent le secteur manufacturier, toujours selon l&#8217;Indice entrepreneurial qu\u00e9b\u00e9cois.<\/p>\n<h3>B\u00e2tir des ponts<\/h3>\n<p>Une piste de solution propos\u00e9e par Manaf Bouchentouf serait de b\u00e2tir des ponts entre des entreprises naissantes et des organisations plus matures. \u00abL&#8217;id\u00e9e, c&#8217;est de passer de l&#8217;accompagnement individuel \u00e0 l&#8217;accompagnement organisationnel r\u00e9alis\u00e9 par un groupe de personnes. Le nouvel entrepreneur pourrait d\u00e9velopper son projet avec l&#8217;appui d&#8217;une \u00e9quipe d&#8217;exp\u00e9rience. Si on b\u00e2tissait ces ponts, il y aurait peut-\u00eatre davantage de nouvelles entreprises manufacturi\u00e8res.\u00bb<\/p>\n<p>Une id\u00e9e appuy\u00e9e par Manon Hamel, qui est convaincue que les entreprises matures en sortiraient aussi gagnantes. \u00abElles peuvent trouver des solutions \u00e0 leurs d\u00e9fis de croissance ou d&#8217;innovation aupr\u00e8s des entreprises en d\u00e9marrage. Le maillage d&#8217;expertise interg\u00e9n\u00e9rationnel et interstade de d\u00e9veloppement, c&#8217;est essentiel. L&#8217;\u00e9cosyst\u00e8me doit le favoriser.\u00bb<\/p>\n<h3>Pouss\u00e9e de croissance<\/h3>\n<p>Cependant, l&#8217;entrepreneuriat ne se r\u00e9sume pas aux start-up : il est crucial de se pr\u00e9occuper tout autant des entreprises en d\u00e9marrage que de celles qui existent d\u00e9j\u00e0. Notamment, en faisant davantage pour soutenir la croissance des entreprises et les garder dans l&#8217;\u00e9conomie qu\u00e9b\u00e9coise, d&#8217;apr\u00e8s Martin Desch\u00eanes. \u00abD\u00e9marrer une entreprise, c&#8217;est une chose. La faire cro\u00eetre et \u00e9viter de la vendre, c&#8217;en est une autre.\u00bb Il sait de quoi il parle, lui qui a fait passer le chiffre d&#8217;affaires du Groupe Desch\u00eanes de 225 millions de dollars \u00e0 880 millions entre 2000 et 2017. Certains s&#8217;interrogent : quelles sont les retomb\u00e9es si l&#8217;entreprise est vendue \u00e0 l&#8217;ext\u00e9rieur du pays ? O\u00f9 est la cr\u00e9ation de valeur ? \u00abQuand je rencontre un jeune entrepreneur, je ne lui demande plus quand il veut vendre son entreprise. La r\u00e9ponse, c&#8217;est vite ! La culture des entrepreneurs en techno, c&#8217;est de garder l&#8217;entreprise de trois \u00e0 cinq ans, de la vendre pour mettre des millions dans leurs poches, puis d&#8217;en partir une autre\u00bb, raconte Fran\u00e7ois Gilbert. Une situation qui ne l&#8217;inqui\u00e8te pas outre mesure.<\/p>\n<p>\u00abQuelqu&#8217;un est-il triste que Louis T\u00eatu ait vendu Taleo pour ensuite lancer Coveo ? Non, car est ausssi \u00e7a, une soci\u00e9t\u00e9 vivante !\u00bb<\/p>\n<p>Pour accompagner la croissance, il semble inconcournable de se tourner vers de nouveaux march\u00e9s. \u00abLes march\u00e9s qu\u00e9b\u00e9cois et canadien sont relativement petits. Il faut donc rapidement exporter, dit Pierre Cl\u00e9roux. Mais pour exporter, il faut disposer d&#8217;une masse critique. C&#8217;est pourquoi, \u00e0 la BDC, nous insistons beaucoup sur la capacit\u00e9 de grandir des entreprises.\u00bb<\/p>\n<p>Lors de la table ronde avec les entrepreneurs l&#8217;automne dernier,<strong> Isabelle Quinn<\/strong>, propri\u00e9taire des deux boutiques de biscuits et de cupcakes Sweet Isabelle, avait pour sa part revendiqu\u00e9 le droit \u00e0 voir petit. \u00abOn encourage beaucoup les entrepreneurs \u00e0 voir grand, mais c&#8217;est correct aussi de voir petit si \u00e7a vous satisfait et si \u00e7a vous permet de vivre en harmonie. Il n&#8217;y a pas qu&#8217;un profil d&#8217;entrepreneur\u00bb, avait-elle rappel\u00e9.<\/p>\n<p>Impossible de parler de croissance sans aborder la question du transfert d&#8217;entreprise. Environ 60 % des propri\u00e9taires d&#8217;entreprises ont plus de 50 ans, rappelle Pierre Cl\u00e9roux pour souligner l&#8217;importance de cet enjeu. \u00ab\u00c7a veut dire que, dans les 20 prochaines ann\u00e9es, il y aura beaucoup de transferts. Nous avons interrog\u00e9 des entrepreneurs sur le sujet et 40 % d&#8217;entre eux pr\u00e9voient m\u00eame vendre leur entreprise d&#8217;ici cinq ans. Il faut continuer \u00e0 s&#8217;y pr\u00e9parer.\u00bb<\/p>\n<p>On associe souvent entrepreneurs et nouvelles entreprises. \u00abCependant, les repreneurs sont aussi des entrepreneurs\u00bb, insiste Manon Hamel, en saluant au passage la cr\u00e9ation en 2015 du Centre de transfert d&#8217;entreprise du Qu\u00e9bec (CTEQ). En plus d&#8217;offrir de l&#8217;accompagnement et de la formation, l&#8217;organisme dispose d&#8217;une banque de c\u00e9dants et de repreneurs potentiels. Outre le CTEQ, diverses initiatives apportent du soutien aux repreneurs et aux c\u00e9dants. Par exemple, le R\u00e9seau M dispose de mentors sp\u00e9cialis\u00e9s en transfert d&#8217;entreprise, tandis que le Groupement des chefs d&#8217;entreprise a des clubs qui se consacrent \u00e0 la rel\u00e8ve. Fond\u00e9 en 2014, le Groupe La Rel\u00e8ve r\u00e9unit des entrepreneurs appel\u00e9s \u00e0 prendre la rel\u00e8ve d&#8217;entreprises familiales. Ils se rencontrent pour \u00e9changer et pour assister \u00e0 des conf\u00e9rences. L&#8217;association compte d\u00e9j\u00e0 huit groupes dans la province.<\/p>\n<h3>\u00c0 plusieurs, c&#8217;est mieux<\/h3>\n<p>La discussion bifurque ensuite vers le sujet des mill\u00e9niaux. Alexandre Boucherot, qui en est un, affirme que sa g\u00e9n\u00e9ration est en qu\u00eate de sens. \u00abLes mill\u00e9niaux raisonnent davantage en mode projet qu&#8217;en mode entreprise. S&#8217;ils veulent ouvrir une librairie, par exemple, c&#8217;est parce que c&#8217;est important pour le quartier. Leur objectif n&#8217;est pas forc\u00e9ment de monter une entreprise, c&#8217;est d&#8217;accomplir quelque chose.\u00bb<\/p>\n<p>Cette observation trouve un \u00e9cho chez Philippe Garant, qui constate la sensibilit\u00e9 des mill\u00e9niaux \u00e0 l&#8217;\u00e9conomie de partage et leur propension \u00e0 d\u00e9marrer des projets collectifs. \u00abPrenez la petite coop\u00e9rative Territoires, par exemple. Elle n&#8217;a pas cr\u00e9\u00e9 le Mur Mitoyen [une plateforme web collaborative de diffusion d&#8217;information \u00e9v\u00e9nementielle pour les municipalit\u00e9s] pour vendre quelque chose, mais pour aider les communaut\u00e9s.\u00bb<\/p>\n<p>Toutefois, les projets collectifs ne rel\u00e8vent pas seulement de l&#8217;\u00e9conomie sociale. Fran\u00e7ois Gilbert se r\u00e9jouit que l&#8217;entrepreneur qui lance seul son entreprise soit en voie de disparition. \u00abOn est \u00e0 l&#8217;\u00e8re des \u00e9quipes entrepreneuriales. Les gens viennent nous voir \u00e0 deux, trois ou quatre. C&#8217;est rare qu&#8217;une personne arrive seule et, si c&#8217;est le cas, ce n&#8217;est pas une bonne chose.\u00bb<\/p>\n<p>De la part des mill\u00e9niaux, il n&#8217;y a rien l\u00e0 d&#8217;\u00e9tonnant, car on les a habitu\u00e9s \u00e0 l&#8217;\u00e9cole \u00e0 r\u00e9aliser des projets en \u00e9quipe. \u00abPour eux, se lancer en affaires avec les copains, c&#8217;est normal, observe Pierre Duhamel. Ils ont fait \u00e7a toute leur vie !\u00bb<\/p>\n<p>Les huit participants \u00e0 la table ronde conviennent cependant que l&#8217;entrepreneuriat en \u00e9quipe n&#8217;est pas l&#8217;apanage des mill\u00e9niaux. Et c&#8217;est tant mieux, car le monde des affaires s&#8217;est complexifi\u00e9.<\/p>\n<p>Le mot de la fin appartient \u00e0 Manon Hamel : \u00abComit\u00e9 consultatif, mentors, conseillers, groupes d&#8217;\u00e9changes entre pairs&#8230; Il faut dire aux entrepreneurs de ne pas h\u00e9siter \u00e0 s&#8217;entourer. C&#8217;est l\u00e0 une vraie n\u00e9cessit\u00e9 pour faire grandir une entreprise de nos jours.\u00bb<\/p>\n<p>Nous avons demand\u00e9 \u00e0 chacun de nos invit\u00e9s de nous dire quelle \u00e9tait, selon eux, LA grande priorit\u00e9 pour l&#8217;entrepreneuriat qu\u00e9b\u00e9cois. D\u00e9couvrez leurs r\u00e9ponses sur <a title=\"\" href=\"http:\/\/lesaffaires.com\/videos\" target=\"_blank\" rel=\"noopener noreferrer\" data-original-title=\"\">lesaffaires.com\/videos<\/a>.<\/p>\n<p><a href=\"https:\/\/www.lesaffaires.com\/dossier\/la-parole-a-ceux-qui-soutiennent-l-entrepreneuriat\/le-soutien-a-l-entrepreneuriat-vu-par-ceux-qui-le-prodiguent\/594982\">https:\/\/www.lesaffaires.com\/dossier\/la-parole-a-ceux-qui-soutiennent-l-entrepreneuriat\/le-soutien-a-l-entrepreneuriat-vu-par-ceux-qui-le-prodiguent\/594982<\/a><\/p>\n<p>&nbsp;<\/p>\n","protected":false},"excerpt":{"rendered":"<p>Photo de gauche \u00e0 droite : \u00adFran\u00e7ois \u00adGilbert, \u00adpr\u00e9sident-directeur g\u00e9n\u00e9ral d\u2019Anges \u00adQu\u00e9bec ; \u00adPhilippe \u00adGarant, directeur g\u00e9n\u00e9ral du \u00adR\u00e9seau d\u2019investissement social du \u00adQu\u00e9bec ; \u00adManaf \u00adBouchentouf, directeur de l\u2019Acc\u00e9l\u00e9rateur \u00adBanque nationale \u2013 HEC \u00adMontr\u00e9al Les Affaires, \u00e9dition du 20 mai 2017- Nathalie Vallerand Dans la salle de conf\u00e9rence qui surplombe le centre-ville montr\u00e9alais, l&#8217;ambiance est&#8230;<\/p>\n","protected":false},"author":3,"featured_media":5027,"comment_status":"closed","ping_status":"closed","sticky":false,"template":"","format":"standard","meta":{"inline_featured_image":false,"footnotes":""},"categories":[125],"tags":[],"class_list":["post-5026","post","type-post","status-publish","format-standard","has-post-thumbnail","hentry","category-actualites-en"],"yoast_head":"<!-- This site is optimized with the Yoast SEO plugin v27.3 - https:\/\/yoast.com\/product\/yoast-seo-wordpress\/ -->\n<title>La parole \u00e0 ceux qui soutiennent l&#039;enterpreunariat - Fonds RISQ<\/title>\n<meta name=\"robots\" content=\"index, follow, max-snippet:-1, max-image-preview:large, max-video-preview:-1\" \/>\n<link rel=\"canonical\" href=\"https:\/\/fonds-risq.qc.ca\/en\/parole-a-soutiennent-lenterpreunariat\/\" \/>\n<meta property=\"og:locale\" content=\"en_US\" \/>\n<meta property=\"og:type\" content=\"article\" \/>\n<meta property=\"og:title\" content=\"La parole \u00e0 ceux qui soutiennent l&#039;enterpreunariat - Fonds RISQ\" \/>\n<meta property=\"og:description\" content=\"Photo de gauche \u00e0 droite : \u00adFran\u00e7ois \u00adGilbert, \u00adpr\u00e9sident-directeur g\u00e9n\u00e9ral d\u2019Anges \u00adQu\u00e9bec ; \u00adPhilippe \u00adGarant, directeur g\u00e9n\u00e9ral du \u00adR\u00e9seau d\u2019investissement social du \u00adQu\u00e9bec ; \u00adManaf \u00adBouchentouf, directeur de l\u2019Acc\u00e9l\u00e9rateur \u00adBanque nationale \u2013 HEC \u00adMontr\u00e9al Les Affaires, \u00e9dition du 20 mai 2017- Nathalie Vallerand Dans la salle de conf\u00e9rence qui surplombe le centre-ville montr\u00e9alais, l&#8217;ambiance est...\" \/>\n<meta property=\"og:url\" content=\"https:\/\/fonds-risq.qc.ca\/en\/parole-a-soutiennent-lenterpreunariat\/\" \/>\n<meta property=\"og:site_name\" content=\"Fonds RISQ\" \/>\n<meta property=\"article:publisher\" content=\"https:\/\/www.facebook.com\/R%c3%a9seau-dinvestissement-social-du-Qu%c3%a9bec-1025562200821724\/?fref=ts\" \/>\n<meta property=\"article:published_time\" content=\"2017-05-29T19:50:43+00:00\" \/>\n<meta property=\"article:modified_time\" content=\"2021-10-06T15:53:04+00:00\" \/>\n<meta property=\"og:image\" content=\"https:\/\/fonds-risq.qc.ca\/wp-content\/uploads\/2017\/05\/Les-AFfaires.jpg\" \/>\n\t<meta property=\"og:image:width\" content=\"570\" \/>\n\t<meta property=\"og:image:height\" content=\"380\" \/>\n\t<meta property=\"og:image:type\" content=\"image\/jpeg\" \/>\n<meta name=\"author\" content=\"Pauline Gwet\" \/>\n<meta name=\"twitter:card\" content=\"summary_large_image\" \/>\n<meta name=\"twitter:label1\" content=\"Written by\" \/>\n\t<meta name=\"twitter:data1\" content=\"Pauline Gwet\" \/>\n\t<meta name=\"twitter:label2\" content=\"Est. reading time\" \/>\n\t<meta name=\"twitter:data2\" content=\"13 minutes\" \/>\n<script type=\"application\/ld+json\" class=\"yoast-schema-graph\">{\"@context\":\"https:\\\/\\\/schema.org\",\"@graph\":[{\"@type\":\"Article\",\"@id\":\"https:\\\/\\\/fonds-risq.qc.ca\\\/en\\\/parole-a-soutiennent-lenterpreunariat\\\/#article\",\"isPartOf\":{\"@id\":\"https:\\\/\\\/fonds-risq.qc.ca\\\/en\\\/parole-a-soutiennent-lenterpreunariat\\\/\"},\"author\":{\"name\":\"Pauline Gwet\",\"@id\":\"https:\\\/\\\/fonds-risq.qc.ca\\\/#\\\/schema\\\/person\\\/92bbce27b8ce38c100b3a990dca2f2b0\"},\"headline\":\"La parole \u00e0 ceux qui soutiennent l&#8217;enterpreunariat\",\"datePublished\":\"2017-05-29T19:50:43+00:00\",\"dateModified\":\"2021-10-06T15:53:04+00:00\",\"mainEntityOfPage\":{\"@id\":\"https:\\\/\\\/fonds-risq.qc.ca\\\/en\\\/parole-a-soutiennent-lenterpreunariat\\\/\"},\"wordCount\":2652,\"publisher\":{\"@id\":\"https:\\\/\\\/fonds-risq.qc.ca\\\/#organization\"},\"image\":{\"@id\":\"https:\\\/\\\/fonds-risq.qc.ca\\\/en\\\/parole-a-soutiennent-lenterpreunariat\\\/#primaryimage\"},\"thumbnailUrl\":\"https:\\\/\\\/fonds-risq.qc.ca\\\/wp-content\\\/uploads\\\/2017\\\/05\\\/Les-AFfaires.jpg\",\"articleSection\":[\"Actualit\u00e9s\"],\"inLanguage\":\"en-US\"},{\"@type\":\"WebPage\",\"@id\":\"https:\\\/\\\/fonds-risq.qc.ca\\\/en\\\/parole-a-soutiennent-lenterpreunariat\\\/\",\"url\":\"https:\\\/\\\/fonds-risq.qc.ca\\\/en\\\/parole-a-soutiennent-lenterpreunariat\\\/\",\"name\":\"La parole \u00e0 ceux qui soutiennent l'enterpreunariat - Fonds RISQ\",\"isPartOf\":{\"@id\":\"https:\\\/\\\/fonds-risq.qc.ca\\\/#website\"},\"primaryImageOfPage\":{\"@id\":\"https:\\\/\\\/fonds-risq.qc.ca\\\/en\\\/parole-a-soutiennent-lenterpreunariat\\\/#primaryimage\"},\"image\":{\"@id\":\"https:\\\/\\\/fonds-risq.qc.ca\\\/en\\\/parole-a-soutiennent-lenterpreunariat\\\/#primaryimage\"},\"thumbnailUrl\":\"https:\\\/\\\/fonds-risq.qc.ca\\\/wp-content\\\/uploads\\\/2017\\\/05\\\/Les-AFfaires.jpg\",\"datePublished\":\"2017-05-29T19:50:43+00:00\",\"dateModified\":\"2021-10-06T15:53:04+00:00\",\"breadcrumb\":{\"@id\":\"https:\\\/\\\/fonds-risq.qc.ca\\\/en\\\/parole-a-soutiennent-lenterpreunariat\\\/#breadcrumb\"},\"inLanguage\":\"en-US\",\"potentialAction\":[{\"@type\":\"ReadAction\",\"target\":[\"https:\\\/\\\/fonds-risq.qc.ca\\\/en\\\/parole-a-soutiennent-lenterpreunariat\\\/\"]}]},{\"@type\":\"ImageObject\",\"inLanguage\":\"en-US\",\"@id\":\"https:\\\/\\\/fonds-risq.qc.ca\\\/en\\\/parole-a-soutiennent-lenterpreunariat\\\/#primaryimage\",\"url\":\"https:\\\/\\\/fonds-risq.qc.ca\\\/wp-content\\\/uploads\\\/2017\\\/05\\\/Les-AFfaires.jpg\",\"contentUrl\":\"https:\\\/\\\/fonds-risq.qc.ca\\\/wp-content\\\/uploads\\\/2017\\\/05\\\/Les-AFfaires.jpg\",\"width\":570,\"height\":380},{\"@type\":\"BreadcrumbList\",\"@id\":\"https:\\\/\\\/fonds-risq.qc.ca\\\/en\\\/parole-a-soutiennent-lenterpreunariat\\\/#breadcrumb\",\"itemListElement\":[{\"@type\":\"ListItem\",\"position\":1,\"name\":\"Accueil\",\"item\":\"https:\\\/\\\/fonds-risq.qc.ca\\\/en\\\/\"},{\"@type\":\"ListItem\",\"position\":2,\"name\":\"La parole \u00e0 ceux qui soutiennent l&#8217;enterpreunariat\"}]},{\"@type\":\"WebSite\",\"@id\":\"https:\\\/\\\/fonds-risq.qc.ca\\\/#website\",\"url\":\"https:\\\/\\\/fonds-risq.qc.ca\\\/\",\"name\":\"Fonds RISQ\",\"description\":\"R\u00e9seau d&#039;investissement social du Qu\u00e9bec\",\"publisher\":{\"@id\":\"https:\\\/\\\/fonds-risq.qc.ca\\\/#organization\"},\"potentialAction\":[{\"@type\":\"SearchAction\",\"target\":{\"@type\":\"EntryPoint\",\"urlTemplate\":\"https:\\\/\\\/fonds-risq.qc.ca\\\/?s={search_term_string}\"},\"query-input\":{\"@type\":\"PropertyValueSpecification\",\"valueRequired\":true,\"valueName\":\"search_term_string\"}}],\"inLanguage\":\"en-US\"},{\"@type\":\"Organization\",\"@id\":\"https:\\\/\\\/fonds-risq.qc.ca\\\/#organization\",\"name\":\"Fonds-RISQ\",\"url\":\"https:\\\/\\\/fonds-risq.qc.ca\\\/\",\"logo\":{\"@type\":\"ImageObject\",\"inLanguage\":\"en-US\",\"@id\":\"https:\\\/\\\/fonds-risq.qc.ca\\\/#\\\/schema\\\/logo\\\/image\\\/\",\"url\":\"https:\\\/\\\/fonds-risq.qc.ca\\\/wp-content\\\/uploads\\\/2017\\\/03\\\/RISQ-RGB.png\",\"contentUrl\":\"https:\\\/\\\/fonds-risq.qc.ca\\\/wp-content\\\/uploads\\\/2017\\\/03\\\/RISQ-RGB.png\",\"width\":542,\"height\":269,\"caption\":\"Fonds-RISQ\"},\"image\":{\"@id\":\"https:\\\/\\\/fonds-risq.qc.ca\\\/#\\\/schema\\\/logo\\\/image\\\/\"},\"sameAs\":[\"https:\\\/\\\/www.facebook.com\\\/R\u00e9seau-dinvestissement-social-du-Qu\u00e9bec-1025562200821724\\\/?fref=ts\",\"https:\\\/\\\/www.linkedin.com\\\/company-beta\\\/2465762\\\/\"]},{\"@type\":\"Person\",\"@id\":\"https:\\\/\\\/fonds-risq.qc.ca\\\/#\\\/schema\\\/person\\\/92bbce27b8ce38c100b3a990dca2f2b0\",\"name\":\"Pauline Gwet\",\"sameAs\":[\"https:\\\/\\\/fonds-risq.qc.ca\"],\"url\":\"https:\\\/\\\/fonds-risq.qc.ca\\\/en\\\/author\\\/risq\\\/\"}]}<\/script>\n<!-- \/ Yoast SEO plugin. -->","yoast_head_json":{"title":"La parole \u00e0 ceux qui soutiennent l'enterpreunariat - Fonds RISQ","robots":{"index":"index","follow":"follow","max-snippet":"max-snippet:-1","max-image-preview":"max-image-preview:large","max-video-preview":"max-video-preview:-1"},"canonical":"https:\/\/fonds-risq.qc.ca\/en\/parole-a-soutiennent-lenterpreunariat\/","og_locale":"en_US","og_type":"article","og_title":"La parole \u00e0 ceux qui soutiennent l'enterpreunariat - Fonds RISQ","og_description":"Photo de gauche \u00e0 droite : \u00adFran\u00e7ois \u00adGilbert, \u00adpr\u00e9sident-directeur g\u00e9n\u00e9ral d\u2019Anges \u00adQu\u00e9bec ; \u00adPhilippe \u00adGarant, directeur g\u00e9n\u00e9ral du \u00adR\u00e9seau d\u2019investissement social du \u00adQu\u00e9bec ; \u00adManaf \u00adBouchentouf, directeur de l\u2019Acc\u00e9l\u00e9rateur \u00adBanque nationale \u2013 HEC \u00adMontr\u00e9al Les Affaires, \u00e9dition du 20 mai 2017- Nathalie Vallerand Dans la salle de conf\u00e9rence qui surplombe le centre-ville montr\u00e9alais, l&#8217;ambiance est...","og_url":"https:\/\/fonds-risq.qc.ca\/en\/parole-a-soutiennent-lenterpreunariat\/","og_site_name":"Fonds RISQ","article_publisher":"https:\/\/www.facebook.com\/R%c3%a9seau-dinvestissement-social-du-Qu%c3%a9bec-1025562200821724\/?fref=ts","article_published_time":"2017-05-29T19:50:43+00:00","article_modified_time":"2021-10-06T15:53:04+00:00","og_image":[{"width":570,"height":380,"url":"https:\/\/fonds-risq.qc.ca\/wp-content\/uploads\/2017\/05\/Les-AFfaires.jpg","type":"image\/jpeg"}],"author":"Pauline Gwet","twitter_card":"summary_large_image","twitter_misc":{"Written by":"Pauline Gwet","Est. reading time":"13 minutes"},"schema":{"@context":"https:\/\/schema.org","@graph":[{"@type":"Article","@id":"https:\/\/fonds-risq.qc.ca\/en\/parole-a-soutiennent-lenterpreunariat\/#article","isPartOf":{"@id":"https:\/\/fonds-risq.qc.ca\/en\/parole-a-soutiennent-lenterpreunariat\/"},"author":{"name":"Pauline Gwet","@id":"https:\/\/fonds-risq.qc.ca\/#\/schema\/person\/92bbce27b8ce38c100b3a990dca2f2b0"},"headline":"La parole \u00e0 ceux qui soutiennent l&#8217;enterpreunariat","datePublished":"2017-05-29T19:50:43+00:00","dateModified":"2021-10-06T15:53:04+00:00","mainEntityOfPage":{"@id":"https:\/\/fonds-risq.qc.ca\/en\/parole-a-soutiennent-lenterpreunariat\/"},"wordCount":2652,"publisher":{"@id":"https:\/\/fonds-risq.qc.ca\/#organization"},"image":{"@id":"https:\/\/fonds-risq.qc.ca\/en\/parole-a-soutiennent-lenterpreunariat\/#primaryimage"},"thumbnailUrl":"https:\/\/fonds-risq.qc.ca\/wp-content\/uploads\/2017\/05\/Les-AFfaires.jpg","articleSection":["Actualit\u00e9s"],"inLanguage":"en-US"},{"@type":"WebPage","@id":"https:\/\/fonds-risq.qc.ca\/en\/parole-a-soutiennent-lenterpreunariat\/","url":"https:\/\/fonds-risq.qc.ca\/en\/parole-a-soutiennent-lenterpreunariat\/","name":"La parole \u00e0 ceux qui soutiennent l'enterpreunariat - Fonds RISQ","isPartOf":{"@id":"https:\/\/fonds-risq.qc.ca\/#website"},"primaryImageOfPage":{"@id":"https:\/\/fonds-risq.qc.ca\/en\/parole-a-soutiennent-lenterpreunariat\/#primaryimage"},"image":{"@id":"https:\/\/fonds-risq.qc.ca\/en\/parole-a-soutiennent-lenterpreunariat\/#primaryimage"},"thumbnailUrl":"https:\/\/fonds-risq.qc.ca\/wp-content\/uploads\/2017\/05\/Les-AFfaires.jpg","datePublished":"2017-05-29T19:50:43+00:00","dateModified":"2021-10-06T15:53:04+00:00","breadcrumb":{"@id":"https:\/\/fonds-risq.qc.ca\/en\/parole-a-soutiennent-lenterpreunariat\/#breadcrumb"},"inLanguage":"en-US","potentialAction":[{"@type":"ReadAction","target":["https:\/\/fonds-risq.qc.ca\/en\/parole-a-soutiennent-lenterpreunariat\/"]}]},{"@type":"ImageObject","inLanguage":"en-US","@id":"https:\/\/fonds-risq.qc.ca\/en\/parole-a-soutiennent-lenterpreunariat\/#primaryimage","url":"https:\/\/fonds-risq.qc.ca\/wp-content\/uploads\/2017\/05\/Les-AFfaires.jpg","contentUrl":"https:\/\/fonds-risq.qc.ca\/wp-content\/uploads\/2017\/05\/Les-AFfaires.jpg","width":570,"height":380},{"@type":"BreadcrumbList","@id":"https:\/\/fonds-risq.qc.ca\/en\/parole-a-soutiennent-lenterpreunariat\/#breadcrumb","itemListElement":[{"@type":"ListItem","position":1,"name":"Accueil","item":"https:\/\/fonds-risq.qc.ca\/en\/"},{"@type":"ListItem","position":2,"name":"La parole \u00e0 ceux qui soutiennent l&#8217;enterpreunariat"}]},{"@type":"WebSite","@id":"https:\/\/fonds-risq.qc.ca\/#website","url":"https:\/\/fonds-risq.qc.ca\/","name":"Fonds RISQ","description":"R\u00e9seau d&#039;investissement social du Qu\u00e9bec","publisher":{"@id":"https:\/\/fonds-risq.qc.ca\/#organization"},"potentialAction":[{"@type":"SearchAction","target":{"@type":"EntryPoint","urlTemplate":"https:\/\/fonds-risq.qc.ca\/?s={search_term_string}"},"query-input":{"@type":"PropertyValueSpecification","valueRequired":true,"valueName":"search_term_string"}}],"inLanguage":"en-US"},{"@type":"Organization","@id":"https:\/\/fonds-risq.qc.ca\/#organization","name":"Fonds-RISQ","url":"https:\/\/fonds-risq.qc.ca\/","logo":{"@type":"ImageObject","inLanguage":"en-US","@id":"https:\/\/fonds-risq.qc.ca\/#\/schema\/logo\/image\/","url":"https:\/\/fonds-risq.qc.ca\/wp-content\/uploads\/2017\/03\/RISQ-RGB.png","contentUrl":"https:\/\/fonds-risq.qc.ca\/wp-content\/uploads\/2017\/03\/RISQ-RGB.png","width":542,"height":269,"caption":"Fonds-RISQ"},"image":{"@id":"https:\/\/fonds-risq.qc.ca\/#\/schema\/logo\/image\/"},"sameAs":["https:\/\/www.facebook.com\/R\u00e9seau-dinvestissement-social-du-Qu\u00e9bec-1025562200821724\/?fref=ts","https:\/\/www.linkedin.com\/company-beta\/2465762\/"]},{"@type":"Person","@id":"https:\/\/fonds-risq.qc.ca\/#\/schema\/person\/92bbce27b8ce38c100b3a990dca2f2b0","name":"Pauline Gwet","sameAs":["https:\/\/fonds-risq.qc.ca"],"url":"https:\/\/fonds-risq.qc.ca\/en\/author\/risq\/"}]}},"_links":{"self":[{"href":"https:\/\/fonds-risq.qc.ca\/en\/wp-json\/wp\/v2\/posts\/5026","targetHints":{"allow":["GET"]}}],"collection":[{"href":"https:\/\/fonds-risq.qc.ca\/en\/wp-json\/wp\/v2\/posts"}],"about":[{"href":"https:\/\/fonds-risq.qc.ca\/en\/wp-json\/wp\/v2\/types\/post"}],"author":[{"embeddable":true,"href":"https:\/\/fonds-risq.qc.ca\/en\/wp-json\/wp\/v2\/users\/3"}],"replies":[{"embeddable":true,"href":"https:\/\/fonds-risq.qc.ca\/en\/wp-json\/wp\/v2\/comments?post=5026"}],"version-history":[{"count":0,"href":"https:\/\/fonds-risq.qc.ca\/en\/wp-json\/wp\/v2\/posts\/5026\/revisions"}],"wp:featuredmedia":[{"embeddable":true,"href":"https:\/\/fonds-risq.qc.ca\/en\/wp-json\/wp\/v2\/media\/5027"}],"wp:attachment":[{"href":"https:\/\/fonds-risq.qc.ca\/en\/wp-json\/wp\/v2\/media?parent=5026"}],"wp:term":[{"taxonomy":"category","embeddable":true,"href":"https:\/\/fonds-risq.qc.ca\/en\/wp-json\/wp\/v2\/categories?post=5026"},{"taxonomy":"post_tag","embeddable":true,"href":"https:\/\/fonds-risq.qc.ca\/en\/wp-json\/wp\/v2\/tags?post=5026"}],"curies":[{"name":"wp","href":"https:\/\/api.w.org\/{rel}","templated":true}]}}