{"id":5065,"date":"2017-01-16T16:52:41","date_gmt":"2017-01-16T15:52:41","guid":{"rendered":"https:\/\/fonds-risq.qc.ca\/mentorat-pour-entrepreneurs-cooperatifs-et-associatifs-de-leconomie-sociale\/"},"modified":"2017-01-16T16:52:41","modified_gmt":"2017-01-16T15:52:41","slug":"mentorat-pour-entrepreneurs-cooperatifs-et-associatifs-de-leconomie-sociale","status":"publish","type":"post","link":"https:\/\/fonds-risq.qc.ca\/en\/mentorat-pour-entrepreneurs-cooperatifs-et-associatifs-de-leconomie-sociale\/","title":{"rendered":"Mentorat pour entrepreneurs coop\u00e9ratifs et associatifs de l\u2019\u00e9conomie sociale"},"content":{"rendered":"<p>Via la <a class=\"profileLink\" href=\"https:\/\/www.facebook.com\/fondationdelentrepreneurship\/\" target=\"_blank\" data-hovercard=\"\/ajax\/hovercard\/page.php?id=108571709942\" data-hovercard-prefer-more-content-show=\"1\">Fondation de l&#8217;entrepreneurship<\/a>, des MENTORS d&#8217;exp\u00e9rience en entrepreneuriat coop\u00e9ratif et associatif sont pr\u00eats \u00e0 vous ACCOMPAGNER dans vos d\u00e9fis, et ce, partout au Qu\u00e9bec. Une belle fa\u00e7on de commencer l&#8217;ann\u00e9e 2017 en beaut\u00e9, INFORMEZ-VOUS !<\/p>\n<p><a href=\"http:\/\/www.entrepreneurship.qc.ca\/economiesociale\" target=\"_blank\">www.entrepreneurship.qc.ca<\/a><\/p>\n","protected":false},"excerpt":{"rendered":"<p>Via la Fondation de l&#8217;entrepreneurship, des MENTORS d&#8217;exp\u00e9rience en entrepreneuriat coop\u00e9ratif et associatif sont pr\u00eats \u00e0 vous ACCOMPAGNER dans vos d\u00e9fis, et ce, partout au Qu\u00e9bec. Une belle fa\u00e7on de commencer l&#8217;ann\u00e9e 2017 en beaut\u00e9, INFORMEZ-VOUS ! www.entrepreneurship.qc.ca<\/p>\n","protected":false},"author":2,"featured_media":5067,"comment_status":"closed","ping_status":"closed","sticky":false,"template":"","format":"standard","meta":{"inline_featured_image":false,"footnotes":""},"categories":[125],"tags":[],"class_list":["post-5065","post","type-post","status-publish","format-standard","has-post-thumbnail","hentry","category-actualites-en"],"yoast_head":"<!-- This site is optimized with the Yoast SEO plugin v27.3 - https:\/\/yoast.com\/product\/yoast-seo-wordpress\/ -->\n<title>Mentorat pour entrepreneurs coop\u00e9ratifs et associatifs de l\u2019\u00e9conomie sociale - Fonds RISQ<\/title>\n<meta name=\"robots\" content=\"index, follow, max-snippet:-1, max-image-preview:large, max-video-preview:-1\" \/>\n<link rel=\"canonical\" href=\"https:\/\/fonds-risq.qc.ca\/en\/mentorat-pour-entrepreneurs-cooperatifs-et-associatifs-de-leconomie-sociale\/\" \/>\n<meta property=\"og:locale\" content=\"en_US\" \/>\n<meta property=\"og:type\" content=\"article\" \/>\n<meta property=\"og:title\" content=\"Mentorat pour entrepreneurs coop\u00e9ratifs et associatifs de l\u2019\u00e9conomie sociale - Fonds RISQ\" \/>\n<meta property=\"og:description\" content=\"Via la Fondation de l&#8217;entrepreneurship, des MENTORS d&#8217;exp\u00e9rience en entrepreneuriat coop\u00e9ratif et associatif sont pr\u00eats \u00e0 vous ACCOMPAGNER dans vos d\u00e9fis, et ce, partout au Qu\u00e9bec. Une belle fa\u00e7on de commencer l&#8217;ann\u00e9e 2017 en beaut\u00e9, INFORMEZ-VOUS ! www.entrepreneurship.qc.ca\" \/>\n<meta property=\"og:url\" content=\"https:\/\/fonds-risq.qc.ca\/en\/mentorat-pour-entrepreneurs-cooperatifs-et-associatifs-de-leconomie-sociale\/\" \/>\n<meta property=\"og:site_name\" content=\"Fonds RISQ\" \/>\n<meta property=\"article:publisher\" content=\"https:\/\/www.facebook.com\/R%c3%a9seau-dinvestissement-social-du-Qu%c3%a9bec-1025562200821724\/?fref=ts\" \/>\n<meta property=\"article:published_time\" content=\"2017-01-16T15:52:41+00:00\" \/>\n<meta property=\"og:image\" content=\"https:\/\/fonds-risq.qc.ca\/wp-content\/uploads\/2017\/02\/R\u00e9seau-M-1.png\" \/>\n\t<meta property=\"og:image:width\" content=\"338\" \/>\n\t<meta property=\"og:image:height\" content=\"149\" \/>\n\t<meta property=\"og:image:type\" content=\"image\/png\" \/>\n<meta name=\"author\" content=\"Marco Armstrong\" \/>\n<meta name=\"twitter:card\" content=\"summary_large_image\" \/>\n<meta name=\"twitter:label1\" content=\"Written by\" \/>\n\t<meta name=\"twitter:data1\" content=\"Marco Armstrong\" \/>\n<script type=\"application\/ld+json\" class=\"yoast-schema-graph\">{\"@context\":\"https:\\\/\\\/schema.org\",\"@graph\":[{\"@type\":\"Article\",\"@id\":\"https:\\\/\\\/fonds-risq.qc.ca\\\/en\\\/mentorat-pour-entrepreneurs-cooperatifs-et-associatifs-de-leconomie-sociale\\\/#article\",\"isPartOf\":{\"@id\":\"https:\\\/\\\/fonds-risq.qc.ca\\\/en\\\/mentorat-pour-entrepreneurs-cooperatifs-et-associatifs-de-leconomie-sociale\\\/\"},\"author\":{\"name\":\"Marco Armstrong\",\"@id\":\"https:\\\/\\\/fonds-risq.qc.ca\\\/#\\\/schema\\\/person\\\/8685e44d467702ba94fd777ba578fbf7\"},\"headline\":\"Mentorat pour entrepreneurs coop\u00e9ratifs et associatifs de l\u2019\u00e9conomie sociale\",\"datePublished\":\"2017-01-16T15:52:41+00:00\",\"mainEntityOfPage\":{\"@id\":\"https:\\\/\\\/fonds-risq.qc.ca\\\/en\\\/mentorat-pour-entrepreneurs-cooperatifs-et-associatifs-de-leconomie-sociale\\\/\"},\"wordCount\":56,\"publisher\":{\"@id\":\"https:\\\/\\\/fonds-risq.qc.ca\\\/#organization\"},\"image\":{\"@id\":\"https:\\\/\\\/fonds-risq.qc.ca\\\/en\\\/mentorat-pour-entrepreneurs-cooperatifs-et-associatifs-de-leconomie-sociale\\\/#primaryimage\"},\"thumbnailUrl\":\"https:\\\/\\\/fonds-risq.qc.ca\\\/wp-content\\\/uploads\\\/2017\\\/02\\\/R\u00e9seau-M-1.png\",\"articleSection\":[\"Actualit\u00e9s\"],\"inLanguage\":\"en-US\"},{\"@type\":\"WebPage\",\"@id\":\"https:\\\/\\\/fonds-risq.qc.ca\\\/en\\\/mentorat-pour-entrepreneurs-cooperatifs-et-associatifs-de-leconomie-sociale\\\/\",\"url\":\"https:\\\/\\\/fonds-risq.qc.ca\\\/en\\\/mentorat-pour-entrepreneurs-cooperatifs-et-associatifs-de-leconomie-sociale\\\/\",\"name\":\"Mentorat pour entrepreneurs coop\u00e9ratifs et associatifs de l\u2019\u00e9conomie sociale - Fonds RISQ\",\"isPartOf\":{\"@id\":\"https:\\\/\\\/fonds-risq.qc.ca\\\/#website\"},\"primaryImageOfPage\":{\"@id\":\"https:\\\/\\\/fonds-risq.qc.ca\\\/en\\\/mentorat-pour-entrepreneurs-cooperatifs-et-associatifs-de-leconomie-sociale\\\/#primaryimage\"},\"image\":{\"@id\":\"https:\\\/\\\/fonds-risq.qc.ca\\\/en\\\/mentorat-pour-entrepreneurs-cooperatifs-et-associatifs-de-leconomie-sociale\\\/#primaryimage\"},\"thumbnailUrl\":\"https:\\\/\\\/fonds-risq.qc.ca\\\/wp-content\\\/uploads\\\/2017\\\/02\\\/R\u00e9seau-M-1.png\",\"datePublished\":\"2017-01-16T15:52:41+00:00\",\"breadcrumb\":{\"@id\":\"https:\\\/\\\/fonds-risq.qc.ca\\\/en\\\/mentorat-pour-entrepreneurs-cooperatifs-et-associatifs-de-leconomie-sociale\\\/#breadcrumb\"},\"inLanguage\":\"en-US\",\"potentialAction\":[{\"@type\":\"ReadAction\",\"target\":[\"https:\\\/\\\/fonds-risq.qc.ca\\\/en\\\/mentorat-pour-entrepreneurs-cooperatifs-et-associatifs-de-leconomie-sociale\\\/\"]}]},{\"@type\":\"ImageObject\",\"inLanguage\":\"en-US\",\"@id\":\"https:\\\/\\\/fonds-risq.qc.ca\\\/en\\\/mentorat-pour-entrepreneurs-cooperatifs-et-associatifs-de-leconomie-sociale\\\/#primaryimage\",\"url\":\"https:\\\/\\\/fonds-risq.qc.ca\\\/wp-content\\\/uploads\\\/2017\\\/02\\\/R\u00e9seau-M-1.png\",\"contentUrl\":\"https:\\\/\\\/fonds-risq.qc.ca\\\/wp-content\\\/uploads\\\/2017\\\/02\\\/R\u00e9seau-M-1.png\",\"width\":338,\"height\":149},{\"@type\":\"BreadcrumbList\",\"@id\":\"https:\\\/\\\/fonds-risq.qc.ca\\\/en\\\/mentorat-pour-entrepreneurs-cooperatifs-et-associatifs-de-leconomie-sociale\\\/#breadcrumb\",\"itemListElement\":[{\"@type\":\"ListItem\",\"position\":1,\"name\":\"Accueil\",\"item\":\"https:\\\/\\\/fonds-risq.qc.ca\\\/en\\\/\"},{\"@type\":\"ListItem\",\"position\":2,\"name\":\"Mentorat pour entrepreneurs coop\u00e9ratifs et associatifs de l\u2019\u00e9conomie sociale\"}]},{\"@type\":\"WebSite\",\"@id\":\"https:\\\/\\\/fonds-risq.qc.ca\\\/#website\",\"url\":\"https:\\\/\\\/fonds-risq.qc.ca\\\/\",\"name\":\"Fonds RISQ\",\"description\":\"R\u00e9seau d&#039;investissement social du Qu\u00e9bec\",\"publisher\":{\"@id\":\"https:\\\/\\\/fonds-risq.qc.ca\\\/#organization\"},\"potentialAction\":[{\"@type\":\"SearchAction\",\"target\":{\"@type\":\"EntryPoint\",\"urlTemplate\":\"https:\\\/\\\/fonds-risq.qc.ca\\\/?s={search_term_string}\"},\"query-input\":{\"@type\":\"PropertyValueSpecification\",\"valueRequired\":true,\"valueName\":\"search_term_string\"}}],\"inLanguage\":\"en-US\"},{\"@type\":\"Organization\",\"@id\":\"https:\\\/\\\/fonds-risq.qc.ca\\\/#organization\",\"name\":\"Fonds-RISQ\",\"url\":\"https:\\\/\\\/fonds-risq.qc.ca\\\/\",\"logo\":{\"@type\":\"ImageObject\",\"inLanguage\":\"en-US\",\"@id\":\"https:\\\/\\\/fonds-risq.qc.ca\\\/#\\\/schema\\\/logo\\\/image\\\/\",\"url\":\"https:\\\/\\\/fonds-risq.qc.ca\\\/wp-content\\\/uploads\\\/2017\\\/03\\\/RISQ-RGB.png\",\"contentUrl\":\"https:\\\/\\\/fonds-risq.qc.ca\\\/wp-content\\\/uploads\\\/2017\\\/03\\\/RISQ-RGB.png\",\"width\":542,\"height\":269,\"caption\":\"Fonds-RISQ\"},\"image\":{\"@id\":\"https:\\\/\\\/fonds-risq.qc.ca\\\/#\\\/schema\\\/logo\\\/image\\\/\"},\"sameAs\":[\"https:\\\/\\\/www.facebook.com\\\/R\u00e9seau-dinvestissement-social-du-Qu\u00e9bec-1025562200821724\\\/?fref=ts\",\"https:\\\/\\\/www.linkedin.com\\\/company-beta\\\/2465762\\\/\"]},{\"@type\":\"Person\",\"@id\":\"https:\\\/\\\/fonds-risq.qc.ca\\\/#\\\/schema\\\/person\\\/8685e44d467702ba94fd777ba578fbf7\",\"name\":\"Marco Armstrong\",\"sameAs\":[\"http:\\\/\\\/www.cinetic.ca\"],\"url\":\"https:\\\/\\\/fonds-risq.qc.ca\\\/en\\\/author\\\/marco\\\/\"}]}<\/script>\n<!-- \/ Yoast SEO plugin. -->","yoast_head_json":{"title":"Mentorat pour entrepreneurs coop\u00e9ratifs et associatifs de l\u2019\u00e9conomie sociale - Fonds RISQ","robots":{"index":"index","follow":"follow","max-snippet":"max-snippet:-1","max-image-preview":"max-image-preview:large","max-video-preview":"max-video-preview:-1"},"canonical":"https:\/\/fonds-risq.qc.ca\/en\/mentorat-pour-entrepreneurs-cooperatifs-et-associatifs-de-leconomie-sociale\/","og_locale":"en_US","og_type":"article","og_title":"Mentorat pour entrepreneurs coop\u00e9ratifs et associatifs de l\u2019\u00e9conomie sociale - Fonds RISQ","og_description":"Via la Fondation de l&#8217;entrepreneurship, des MENTORS d&#8217;exp\u00e9rience en entrepreneuriat coop\u00e9ratif et associatif sont pr\u00eats \u00e0 vous ACCOMPAGNER dans vos d\u00e9fis, et ce, partout au Qu\u00e9bec. Une belle fa\u00e7on de commencer l&#8217;ann\u00e9e 2017 en beaut\u00e9, INFORMEZ-VOUS ! www.entrepreneurship.qc.ca","og_url":"https:\/\/fonds-risq.qc.ca\/en\/mentorat-pour-entrepreneurs-cooperatifs-et-associatifs-de-leconomie-sociale\/","og_site_name":"Fonds RISQ","article_publisher":"https:\/\/www.facebook.com\/R%c3%a9seau-dinvestissement-social-du-Qu%c3%a9bec-1025562200821724\/?fref=ts","article_published_time":"2017-01-16T15:52:41+00:00","og_image":[{"width":338,"height":149,"url":"https:\/\/fonds-risq.qc.ca\/wp-content\/uploads\/2017\/02\/R\u00e9seau-M-1.png","type":"image\/png"}],"author":"Marco Armstrong","twitter_card":"summary_large_image","twitter_misc":{"Written by":"Marco Armstrong"},"schema":{"@context":"https:\/\/schema.org","@graph":[{"@type":"Article","@id":"https:\/\/fonds-risq.qc.ca\/en\/mentorat-pour-entrepreneurs-cooperatifs-et-associatifs-de-leconomie-sociale\/#article","isPartOf":{"@id":"https:\/\/fonds-risq.qc.ca\/en\/mentorat-pour-entrepreneurs-cooperatifs-et-associatifs-de-leconomie-sociale\/"},"author":{"name":"Marco Armstrong","@id":"https:\/\/fonds-risq.qc.ca\/#\/schema\/person\/8685e44d467702ba94fd777ba578fbf7"},"headline":"Mentorat pour entrepreneurs coop\u00e9ratifs et associatifs de l\u2019\u00e9conomie sociale","datePublished":"2017-01-16T15:52:41+00:00","mainEntityOfPage":{"@id":"https:\/\/fonds-risq.qc.ca\/en\/mentorat-pour-entrepreneurs-cooperatifs-et-associatifs-de-leconomie-sociale\/"},"wordCount":56,"publisher":{"@id":"https:\/\/fonds-risq.qc.ca\/#organization"},"image":{"@id":"https:\/\/fonds-risq.qc.ca\/en\/mentorat-pour-entrepreneurs-cooperatifs-et-associatifs-de-leconomie-sociale\/#primaryimage"},"thumbnailUrl":"https:\/\/fonds-risq.qc.ca\/wp-content\/uploads\/2017\/02\/R\u00e9seau-M-1.png","articleSection":["Actualit\u00e9s"],"inLanguage":"en-US"},{"@type":"WebPage","@id":"https:\/\/fonds-risq.qc.ca\/en\/mentorat-pour-entrepreneurs-cooperatifs-et-associatifs-de-leconomie-sociale\/","url":"https:\/\/fonds-risq.qc.ca\/en\/mentorat-pour-entrepreneurs-cooperatifs-et-associatifs-de-leconomie-sociale\/","name":"Mentorat pour entrepreneurs coop\u00e9ratifs et associatifs de l\u2019\u00e9conomie sociale - Fonds RISQ","isPartOf":{"@id":"https:\/\/fonds-risq.qc.ca\/#website"},"primaryImageOfPage":{"@id":"https:\/\/fonds-risq.qc.ca\/en\/mentorat-pour-entrepreneurs-cooperatifs-et-associatifs-de-leconomie-sociale\/#primaryimage"},"image":{"@id":"https:\/\/fonds-risq.qc.ca\/en\/mentorat-pour-entrepreneurs-cooperatifs-et-associatifs-de-leconomie-sociale\/#primaryimage"},"thumbnailUrl":"https:\/\/fonds-risq.qc.ca\/wp-content\/uploads\/2017\/02\/R\u00e9seau-M-1.png","datePublished":"2017-01-16T15:52:41+00:00","breadcrumb":{"@id":"https:\/\/fonds-risq.qc.ca\/en\/mentorat-pour-entrepreneurs-cooperatifs-et-associatifs-de-leconomie-sociale\/#breadcrumb"},"inLanguage":"en-US","potentialAction":[{"@type":"ReadAction","target":["https:\/\/fonds-risq.qc.ca\/en\/mentorat-pour-entrepreneurs-cooperatifs-et-associatifs-de-leconomie-sociale\/"]}]},{"@type":"ImageObject","inLanguage":"en-US","@id":"https:\/\/fonds-risq.qc.ca\/en\/mentorat-pour-entrepreneurs-cooperatifs-et-associatifs-de-leconomie-sociale\/#primaryimage","url":"https:\/\/fonds-risq.qc.ca\/wp-content\/uploads\/2017\/02\/R\u00e9seau-M-1.png","contentUrl":"https:\/\/fonds-risq.qc.ca\/wp-content\/uploads\/2017\/02\/R\u00e9seau-M-1.png","width":338,"height":149},{"@type":"BreadcrumbList","@id":"https:\/\/fonds-risq.qc.ca\/en\/mentorat-pour-entrepreneurs-cooperatifs-et-associatifs-de-leconomie-sociale\/#breadcrumb","itemListElement":[{"@type":"ListItem","position":1,"name":"Accueil","item":"https:\/\/fonds-risq.qc.ca\/en\/"},{"@type":"ListItem","position":2,"name":"Mentorat pour entrepreneurs coop\u00e9ratifs et associatifs de l\u2019\u00e9conomie sociale"}]},{"@type":"WebSite","@id":"https:\/\/fonds-risq.qc.ca\/#website","url":"https:\/\/fonds-risq.qc.ca\/","name":"Fonds RISQ","description":"R\u00e9seau d&#039;investissement social du Qu\u00e9bec","publisher":{"@id":"https:\/\/fonds-risq.qc.ca\/#organization"},"potentialAction":[{"@type":"SearchAction","target":{"@type":"EntryPoint","urlTemplate":"https:\/\/fonds-risq.qc.ca\/?s={search_term_string}"},"query-input":{"@type":"PropertyValueSpecification","valueRequired":true,"valueName":"search_term_string"}}],"inLanguage":"en-US"},{"@type":"Organization","@id":"https:\/\/fonds-risq.qc.ca\/#organization","name":"Fonds-RISQ","url":"https:\/\/fonds-risq.qc.ca\/","logo":{"@type":"ImageObject","inLanguage":"en-US","@id":"https:\/\/fonds-risq.qc.ca\/#\/schema\/logo\/image\/","url":"https:\/\/fonds-risq.qc.ca\/wp-content\/uploads\/2017\/03\/RISQ-RGB.png","contentUrl":"https:\/\/fonds-risq.qc.ca\/wp-content\/uploads\/2017\/03\/RISQ-RGB.png","width":542,"height":269,"caption":"Fonds-RISQ"},"image":{"@id":"https:\/\/fonds-risq.qc.ca\/#\/schema\/logo\/image\/"},"sameAs":["https:\/\/www.facebook.com\/R\u00e9seau-dinvestissement-social-du-Qu\u00e9bec-1025562200821724\/?fref=ts","https:\/\/www.linkedin.com\/company-beta\/2465762\/"]},{"@type":"Person","@id":"https:\/\/fonds-risq.qc.ca\/#\/schema\/person\/8685e44d467702ba94fd777ba578fbf7","name":"Marco Armstrong","sameAs":["http:\/\/www.cinetic.ca"],"url":"https:\/\/fonds-risq.qc.ca\/en\/author\/marco\/"}]}},"_links":{"self":[{"href":"https:\/\/fonds-risq.qc.ca\/en\/wp-json\/wp\/v2\/posts\/5065","targetHints":{"allow":["GET"]}}],"collection":[{"href":"https:\/\/fonds-risq.qc.ca\/en\/wp-json\/wp\/v2\/posts"}],"about":[{"href":"https:\/\/fonds-risq.qc.ca\/en\/wp-json\/wp\/v2\/types\/post"}],"author":[{"embeddable":true,"href":"https:\/\/fonds-risq.qc.ca\/en\/wp-json\/wp\/v2\/users\/2"}],"replies":[{"embeddable":true,"href":"https:\/\/fonds-risq.qc.ca\/en\/wp-json\/wp\/v2\/comments?post=5065"}],"version-history":[{"count":0,"href":"https:\/\/fonds-risq.qc.ca\/en\/wp-json\/wp\/v2\/posts\/5065\/revisions"}],"wp:featuredmedia":[{"embeddable":true,"href":"https:\/\/fonds-risq.qc.ca\/en\/wp-json\/wp\/v2\/media\/5067"}],"wp:attachment":[{"href":"https:\/\/fonds-risq.qc.ca\/en\/wp-json\/wp\/v2\/media?parent=5065"}],"wp:term":[{"taxonomy":"category","embeddable":true,"href":"https:\/\/fonds-risq.qc.ca\/en\/wp-json\/wp\/v2\/categories?post=5065"},{"taxonomy":"post_tag","embeddable":true,"href":"https:\/\/fonds-risq.qc.ca\/en\/wp-json\/wp\/v2\/tags?post=5065"}],"curies":[{"name":"wp","href":"https:\/\/api.w.org\/{rel}","templated":true}]}}